{"id":7036,"date":"2021-12-09T08:46:12","date_gmt":"2021-12-09T08:46:12","guid":{"rendered":"https:\/\/eprc.ge\/?post_type=news_p_type&#038;p=7036"},"modified":"2021-12-30T08:46:39","modified_gmt":"2021-12-30T08:46:39","slug":"action-v%c9%99t%c9%99ndas-c%c9%99miyy%c9%99ti-t%c9%99skilatlari-s%c9%99b%c9%99k%c9%99sini-f%c9%99allasdirmaq-ucun","status":"publish","type":"news_p_type","link":"https:\/\/eprc.ge\/en\/news\/action-v%c9%99t%c9%99ndas-c%c9%99miyy%c9%99ti-t%c9%99skilatlari-s%c9%99b%c9%99k%c9%99sini-f%c9%99allasdirmaq-ucun\/","title":{"rendered":"ACTION \u2013 V\u0259t\u0259nda\u015f c\u0259miyy\u0259ti t\u0259\u015fkilatlar\u0131 \u015f\u0259b\u0259k\u0259sini f\u0259alla\u015fd\u0131rmaq \u00fc\u00e7\u00fcn"},"content":{"rendered":"<p style=\"font-weight: 400;\">\u0130qtisadi Siyas\u0259t Ara\u015fd\u0131rmalar\u0131 M\u0259rk\u0259zi\u00a0(EPRC)\u00a0Az\u0259rbaycandan v\u0259 G\u00fcrc\u00fcstandan olan v\u0259t\u0259nda\u015f c\u0259miyy\u0259ti v\u0259 QHT seqtoru n\u00fcmay\u0259nd\u0259l\u0259rini, \u201c<b><strong>ACTION \u2013\u00a0<\/strong><\/b><b><strong>V<\/strong><\/b><b><strong>\u0259t\u0259nda\u015f c\u0259miyy\u0259ti t\u0259\u015fkilatlar\u0131 \u015f\u0259b\u0259k\u0259sini f\u0259alla\u015fd\u0131rmaq \u00fc\u00e7\u00fcn\u201d\u00a0<\/strong><\/b>layih\u0259sind\u0259 i\u015ftirak etm\u0259y\u0259 d\u0259v\u0259t edir.<\/p>\n<p style=\"font-weight: 400;\">Layih\u0259ni \u201c\u0130sve\u00e7r\u0259 \u0130nki\u015faf v\u0259 \u018fm\u0259kda\u015fl\u0131q Agentliyi\u201d d\u0259st\u0259kl\u0259yir.<\/p>\n<p style=\"font-weight: 400;\"><b><strong>\u201eACTION\u201d layi<\/strong><\/b><b><strong>h<\/strong><\/b><b><strong>\u0259sinin m\u0259qs\u0259di G\u00fcrc\u00fcstandan v\u0259 Az\u0259rbaycandan olan QHT n\u00fcmay\u0259nd\u0259l\u0259ri, ictimai f\u0259allar v\u0259 ara\u015fd\u0131rma t\u0259\u015fkilatlar\u0131 \u00fc\u00e7\u00fcn uzunm\u00fcdd\u0259tli \u0259m\u0259kda\u015fl\u0131q platformas\u0131 yaratmaqd\u0131r. Bu platforma G\u00fcrc\u00fcstan v\u0259 Az\u0259rbaycandan olan t\u0259\u015fkilatlar\u0131n g\u00fccl\u0259nm\u0259sin\u0259 v\u0259 i\u015ftirak\u00e7\u0131lar\u0131n m\u0259lumatlar\u0131n\u0131n analizi, auditoriya \u00fc\u00e7\u00fcn ara\u015fd\u0131rmalar\u0131n n\u0259tic\u0259l\u0259rinin asan dild\u0259 \u00e7atd\u0131rlmas\u0131 v\u0259 r\u0259q\u0259msal medya m\u00fcnasib\u0259tl\u0259ri kimi bacar\u0131qlar\u0131n\u0131n inki\u015faf etdirilm\u0259sin\u0259 t\u0259kan ver\u0259c\u0259k<\/strong><\/b><b><strong>.<\/strong><\/b><\/p>\n<p style=\"font-weight: 400;\">M\u0259hs bu m\u0259qs\u0259d\u0259 nail olmaq \u00fc\u00e7\u00fcn\u00a0\u0130qtisadi Siyas\u0259t Ara\u015fd\u0131rmalar\u0131 M\u0259rk\u0259zi, i\u015ftirak\u00e7\u0131lara i\u015fg\u00fczar g\u00f6r\u00fc\u015fl\u0259rin t\u0259\u015fkil edilm\u0259sini t\u0259klif edir. Bu g\u00f6r\u00fc\u015fl\u0259r onlara m\u0259lumatlar\u0131n i\u015fl\u0259nm\u0259si, m\u0259lumatlar\u0131n vizualizasiyas\u0131 v\u0259 ara\u015fd\u0131rma n\u0259tic\u0259l\u0259rinin effektli formada \u00e7atd\u0131r\u0131lmas\u0131 bacar\u0131qlar\u0131, m\u0259lumat al\u0131nmas\u0131 v\u0259 m\u0259nb\u0259nin yoxlan\u0131lmas\u0131 metodlar\u0131, m\u00fcasir r\u0259q\u0259msal vasit\u0259l\u0259rl\u0259 ictimaiyy\u0259tl\u0259 m\u00fcnasib\u0259t strategiyalar\u0131 il\u0259 tan\u0131\u015f olacaqlar. \u0130\u015ftirak\u00e7\u0131lar medya il\u0259 nec\u0259 m\u00fcnasib\u0259t qurmal\u0131 olduqlar\u0131n\u0131,\u00a0\u00a0ictimaiyy\u0259t \u00fc\u00e7\u00fcn ayd\u0131n anla\u015f\u0131lacaq mesajlar g\u00f6nd\u0259rilm\u0259sini v\u0259 m\u0259lumatlar\u0131n vizualizasiyas\u0131n\u0131 bil\u0259c\u0259kl\u0259r. Bu is\u0259 onlara t\u0259\u015fkilatlar haqq\u0131nda\u00a0\u00a0ictimaiyy\u0259td\u0259 inam\u0131n\u00a0\u00a0v\u0259 m\u0259h\u015furlu\u011fun artmas\u0131na k\u00f6m\u0259k ed\u0259c\u0259k.<\/p>\n<p style=\"font-weight: 400;\">\u0130\u015fg\u00fczar g\u00f6r\u00fc\u015fl\u0259ri g\u00fcrc\u00fc medya v\u0259 komunikasiya ekspertl\u0259ri, analitik v\u0259 apar\u0131c\u0131 jurnalist\u0259r ke\u00e7ir\u0259c\u0259kl\u0259r.<\/p>\n<p style=\"font-weight: 400;\">Layih\u0259 \u00e7\u0259r\u00e7iv\u0259sind\u0259 i\u015ftirak\u00e7\u0131lar birg\u0259 n\u0259\u015frl\u0259r \u00fcz\u0259rind\u0259 i\u015fl\u0259y\u0259c\u0259kl\u0259r, haz\u0131rlanan n\u0259\u015frl\u0259r\u00a0EPRC-nin r\u0259smi vebs\u0259hif\u0259sind\u0259 yay\u0131mlanacaq. N\u0259\u015fr m\u00fc\u0259llifl\u0259ri honorarlar alacaqlar.<\/p>\n<p style=\"font-weight: 400;\"><b><strong>Layih<\/strong><\/b><b><strong>\u0259nin final etap\u0131nda, i\u015ftirak\u00e7\u0131lar\u0131n G\u00fcrc\u00fcstandan olan QHT-l\u0259rd\u0259 bir h\u0259ft\u0259lik t\u0259cr\u00fcb\u0259 ke\u00e7m\u0259 imkanlar\u0131 olacaq<\/strong><\/b><b><strong>.<\/strong><\/b><\/p>\n<p style=\"font-weight: 400;\">M\u0259hs bu m\u0259qs\u0259d\u0259 nail olmaq \u00fc\u00e7\u00fcn\u00a0\u0130qtisadi Siyas\u0259t Ara\u015fd\u0131rmalar\u0131 M\u0259rk\u0259zi\u00a0Az\u0259rbaycandan olan QHT-l\u0259r \u00fc\u00e7\u00fcn \u00fczvl\u0259rin q\u0259bulunu elan edir.\u00a0<b><strong>Layih\u0259 \u00e7\u0259r\u00e7iv\u0259sind\u0259 Tbilisi \u015f\u0259h\u0259rind\u0259 \u00fc\u00e7 g\u00fcnl\u00fck i\u015fg\u00fczar g\u00f6r\u00fc\u015f t\u0259\u015fkil edil\u0259c\u0259k.<\/strong><\/b><\/p>\n<p style=\"font-weight: 400;\">Tbilisi \u015f\u0259h\u0259rind\u0259 ke\u00e7iril\u0259c\u0259k i\u015fg\u00fczar g\u00f6r\u00fc\u015f\u00fcn x\u0259rcl\u0259ri (beyn\u0259lxalq s\u0259yah\u0259t, qida v\u0259 ya\u015fay\u0131\u015f) layih\u0259 t\u0259r\u0259find\u0259n qar\u015f\u0131lanacaq.<\/p>\n<p style=\"font-weight: 400;\">Layih\u0259d\u0259 i\u015ftirak etm\u0259k \u00fc\u00e7\u00fcn:<\/p>\n<ul style=\"font-weight: 400;\">\n<li>Az\u0259rbaycan ictimai c\u0259miyy\u0259t n\u00fcmay\u0259nd\u0259si olmal\u0131s\u0131n\u0131z (QHT-d\u0259 i\u015fl\u0259m\u0259li, ictimai f\u0259al v\u0259 ya medya n\u00fcmay\u0259nd\u0259si olmal\u0131s\u0131n\u0131z);<\/li>\n<li>Sonrak\u0131 m\u00f6vzular \u00fczr\u0259 i\u015fl\u0259m\u0259li v\u0259 ya maraqlanmal\u0131s\u0131n\u0131z: 1.\u00a0Davaml\u0131 iqtisadiyyat v\u0259 sosial inki\u015faf; 2.\u00a0Gender m\u0259s\u0259l\u0259l\u0259ri v\u0259 iqtisadiyyat; 3.\u00a0Miqrasiya.<\/li>\n<\/ul>\n<p style=\"font-weight: 400;\"><b><strong>Layih<\/strong><\/b><b><strong>\u0259 8 ay davam ed\u0259c\u0259k<\/strong><\/b><b><strong>.<\/strong><\/b><b><strong>\u00a0Vebinar v<\/strong><\/b><b><strong>\u0259 i\u015fg\u00fczar g\u00f6r\u00fc\u015fl\u0259r hibrid rejimd\u0259 olacaq \u2013 onlayn sesialar bitdikd\u0259n sonra, G\u00fcrcustandan olan QHT-l\u0259rd\u0259 bir h\u0259ft\u0259lik t\u0259cr\u00fcb\u0259 ke\u00e7\u0259c\u0259ksiniz.\u00a0<\/strong><\/b><b><strong>\u00a0<\/strong><\/b><\/p>\n<p style=\"font-weight: 400;\">\n<p style=\"font-weight: 400;\">Layih\u0259d\u0259 i\u015ftirak \u00fc\u00e7\u00fcn:<\/p>\n<ul style=\"font-weight: 400;\">\n<li>\u0130ngilis dilind\u0259\u00a0CV v\u0259 motivasiya m\u0259ktubunuzu biz\u0259 gond\u0259rin;<\/li>\n<li>Bir n\u0259f\u0259r t\u00f6vsiyy\u0259\u00e7inin \u0259laq\u0259 m\u0259lumatlar (ad\u0131, soyad\u0131, elektron po\u00e7t \u00fcnvan\u0131 v\u0259 telefon n\u00f6mr\u0259si).<\/li>\n<\/ul>\n<p style=\"font-weight: 400;\">\n<p style=\"font-weight: 400;\"><b><strong>S<\/strong><\/b><b><strong>\u0259n\u0259dl\u0259r ingilis dilind\u0259 olmal\u0131d\u0131r<\/strong><\/b><b><strong>.<\/strong><\/b><\/p>\n<p style=\"font-weight: 400;\"><b><strong>S<\/strong><\/b><b><strong>\u0259n\u0259dl\u0259ri bu \u00fcnvana g\u00f6nd\u0259rin<\/strong><\/b><b><strong>:\u00a0<\/strong><\/b><a href=\"mailto:info@eprc.ge\"><b><strong>info@eprc.ge<\/strong><\/b><\/a><b><strong>\u00a0<\/strong><\/b><b><strong>m<\/strong><\/b><b><strong>\u0259ktub g\u00f6nd\u0259r\u0259n zaman<\/strong><\/b><b><strong>, \u2018Subject\u2019<\/strong><\/b><b><strong>\u00a0hiss<\/strong><\/b><b><strong>\u0259sind\u0259<\/strong><\/b><b><strong>\u00a0\u201eProject ACTION\u201d\u00a0<\/strong><\/b><b><strong>qeyd etm<\/strong><\/b><b><strong>\u0259yi unutmay\u0131n, s\u0259n\u0259dl\u0259rin son qabul tarixi<\/strong><\/b><b><strong>: 2021<\/strong><\/b><b><strong>-ci il\u00a0<\/strong><\/b><b><strong>27\u00a0<\/strong><\/b><b><strong>dekabr<\/strong><\/b><b><strong>.<\/strong><\/b><\/p>\n<p style=\"font-weight: 400;\">\n<p style=\"font-weight: 400;\">S\u0259n\u0259dl\u0259rin q\u0259bulundan sonra, se\u00e7il\u0259n i\u015ftirak\u00e7\u0131lara elektron po\u00e7t vasit\u0259si il\u0259 i\u015ftirak\u0131 t\u0259stiql\u0259y\u0259n m\u0259ktub v\u0259 layih\u0259 il\u0259 n\u0259z\u0259rd\u0259 tutulan f\u0259all\u0131qlar bar\u0259sind\u0259 \u0259trafl\u0131 m\u0259lumat g\u00f6nd\u0259ril\u0259c\u0259k.<\/p>\n","protected":false},"featured_media":7030,"template":"","websites":[19],"news_categories":[257],"class_list":["post-7036","news_p_type","type-news_p_type","status-publish","has-post-thumbnail","hentry","websites-eprc","news_categories-siakhle"],"acf":[],"yoast_head":"<!-- This site is optimized with the Yoast SEO plugin v21.1 - https:\/\/yoast.com\/wordpress\/plugins\/seo\/ -->\n<title>ACTION \u2013 V\u0259t\u0259nda\u015f c\u0259miyy\u0259ti t\u0259\u015fkilatlar\u0131 \u015f\u0259b\u0259k\u0259sini f\u0259alla\u015fd\u0131rmaq \u00fc\u00e7\u00fcn &bull; EPRC.ge<\/title>\n<meta name=\"robots\" content=\"index, follow, max-snippet:-1, max-image-preview:large, max-video-preview:-1\" \/>\n<link rel=\"canonical\" href=\"https:\/\/eprc.ge\/en\/news\/action-v\u0259t\u0259ndas-c\u0259miyy\u0259ti-t\u0259skilatlari-s\u0259b\u0259k\u0259sini-f\u0259allasdirmaq-ucun\/\" \/>\n<meta property=\"og:locale\" content=\"en_US\" \/>\n<meta property=\"og:type\" content=\"article\" \/>\n<meta property=\"og:title\" content=\"ACTION \u2013 V\u0259t\u0259nda\u015f c\u0259miyy\u0259ti t\u0259\u015fkilatlar\u0131 \u015f\u0259b\u0259k\u0259sini f\u0259alla\u015fd\u0131rmaq \u00fc\u00e7\u00fcn &bull; EPRC.ge\" \/>\n<meta property=\"og:description\" content=\"\u0130qtisadi Siyas\u0259t Ara\u015fd\u0131rmalar\u0131 M\u0259rk\u0259zi\u00a0(EPRC)\u00a0Az\u0259rbaycandan v\u0259 G\u00fcrc\u00fcstandan olan v\u0259t\u0259nda\u015f c\u0259miyy\u0259ti v\u0259 QHT seqtoru n\u00fcmay\u0259nd\u0259l\u0259rini, \u201cACTION \u2013\u00a0V\u0259t\u0259nda\u015f c\u0259miyy\u0259ti t\u0259\u015fkilatlar\u0131 \u015f\u0259b\u0259k\u0259sini f\u0259alla\u015fd\u0131rmaq \u00fc\u00e7\u00fcn\u201d\u00a0layih\u0259sind\u0259 i\u015ftirak etm\u0259y\u0259 d\u0259v\u0259t edir. Layih\u0259ni \u201c\u0130sve\u00e7r\u0259 \u0130nki\u015faf v\u0259 \u018fm\u0259kda\u015fl\u0131q Agentliyi\u201d d\u0259st\u0259kl\u0259yir. \u201eACTION\u201d layih\u0259sinin m\u0259qs\u0259di G\u00fcrc\u00fcstandan v\u0259 Az\u0259rbaycandan olan QHT n\u00fcmay\u0259nd\u0259l\u0259ri, ictimai f\u0259allar v\u0259 ara\u015fd\u0131rma t\u0259\u015fkilatlar\u0131 \u00fc\u00e7\u00fcn uzunm\u00fcdd\u0259tli \u0259m\u0259kda\u015fl\u0131q platformas\u0131 yaratmaqd\u0131r. Bu platforma G\u00fcrc\u00fcstan v\u0259 Az\u0259rbaycandan [&hellip;]\" \/>\n<meta property=\"og:url\" content=\"https:\/\/eprc.ge\/en\/news\/action-v\u0259t\u0259ndas-c\u0259miyy\u0259ti-t\u0259skilatlari-s\u0259b\u0259k\u0259sini-f\u0259allasdirmaq-ucun\/\" \/>\n<meta property=\"og:site_name\" content=\"EPRC.ge\" \/>\n<meta property=\"article:modified_time\" content=\"2021-12-30T08:46:39+00:00\" \/>\n<meta property=\"og:image\" content=\"https:\/\/eprc.ge\/wp-content\/uploads\/2021\/12\/action-20-1-copy-scaled.jpg\" \/>\n\t<meta property=\"og:image:width\" content=\"2560\" \/>\n\t<meta property=\"og:image:height\" content=\"951\" \/>\n\t<meta property=\"og:image:type\" content=\"image\/jpeg\" \/>\n<meta name=\"twitter:card\" content=\"summary_large_image\" \/>\n<meta name=\"twitter:label1\" content=\"Est. reading time\" \/>\n\t<meta name=\"twitter:data1\" content=\"4 minutes\" \/>\n<script type=\"application\/ld+json\" class=\"yoast-schema-graph\">{\"@context\":\"https:\/\/schema.org\",\"@graph\":[{\"@type\":\"WebPage\",\"@id\":\"https:\/\/eprc.ge\/en\/news\/action-v%c9%99t%c9%99ndas-c%c9%99miyy%c9%99ti-t%c9%99skilatlari-s%c9%99b%c9%99k%c9%99sini-f%c9%99allasdirmaq-ucun\/\",\"url\":\"https:\/\/eprc.ge\/en\/news\/action-v%c9%99t%c9%99ndas-c%c9%99miyy%c9%99ti-t%c9%99skilatlari-s%c9%99b%c9%99k%c9%99sini-f%c9%99allasdirmaq-ucun\/\",\"name\":\"ACTION \u2013 V\u0259t\u0259nda\u015f c\u0259miyy\u0259ti t\u0259\u015fkilatlar\u0131 \u015f\u0259b\u0259k\u0259sini f\u0259alla\u015fd\u0131rmaq \u00fc\u00e7\u00fcn &bull; EPRC.ge\",\"isPartOf\":{\"@id\":\"https:\/\/eprc.ge\/#website\"},\"datePublished\":\"2021-12-09T08:46:12+00:00\",\"dateModified\":\"2021-12-30T08:46:39+00:00\",\"breadcrumb\":{\"@id\":\"https:\/\/eprc.ge\/en\/news\/action-v%c9%99t%c9%99ndas-c%c9%99miyy%c9%99ti-t%c9%99skilatlari-s%c9%99b%c9%99k%c9%99sini-f%c9%99allasdirmaq-ucun\/#breadcrumb\"},\"inLanguage\":\"en-US\",\"potentialAction\":[{\"@type\":\"ReadAction\",\"target\":[\"https:\/\/eprc.ge\/en\/news\/action-v%c9%99t%c9%99ndas-c%c9%99miyy%c9%99ti-t%c9%99skilatlari-s%c9%99b%c9%99k%c9%99sini-f%c9%99allasdirmaq-ucun\/\"]}]},{\"@type\":\"BreadcrumbList\",\"@id\":\"https:\/\/eprc.ge\/en\/news\/action-v%c9%99t%c9%99ndas-c%c9%99miyy%c9%99ti-t%c9%99skilatlari-s%c9%99b%c9%99k%c9%99sini-f%c9%99allasdirmaq-ucun\/#breadcrumb\",\"itemListElement\":[{\"@type\":\"ListItem\",\"position\":1,\"name\":\"Home\",\"item\":\"https:\/\/eprc.ge\/en\/\"},{\"@type\":\"ListItem\",\"position\":2,\"name\":\"ACTION \u2013 V\u0259t\u0259nda\u015f c\u0259miyy\u0259ti t\u0259\u015fkilatlar\u0131 \u015f\u0259b\u0259k\u0259sini f\u0259alla\u015fd\u0131rmaq \u00fc\u00e7\u00fcn\"}]},{\"@type\":\"WebSite\",\"@id\":\"https:\/\/eprc.ge\/#website\",\"url\":\"https:\/\/eprc.ge\/\",\"name\":\"EPRC.ge\",\"description\":\"Economic Policy Research Center\",\"publisher\":{\"@id\":\"https:\/\/eprc.ge\/#organization\"},\"potentialAction\":[{\"@type\":\"SearchAction\",\"target\":{\"@type\":\"EntryPoint\",\"urlTemplate\":\"https:\/\/eprc.ge\/?s={search_term_string}\"},\"query-input\":\"required name=search_term_string\"}],\"inLanguage\":\"en-US\"},{\"@type\":\"Organization\",\"@id\":\"https:\/\/eprc.ge\/#organization\",\"name\":\"EPRC.ge\",\"url\":\"https:\/\/eprc.ge\/\",\"logo\":{\"@type\":\"ImageObject\",\"inLanguage\":\"en-US\",\"@id\":\"https:\/\/eprc.ge\/#\/schema\/logo\/image\/\",\"url\":\"https:\/\/eprc.ge\/wp-content\/uploads\/2022\/08\/cropped-logo-eprc.png\",\"contentUrl\":\"https:\/\/eprc.ge\/wp-content\/uploads\/2022\/08\/cropped-logo-eprc.png\",\"width\":745,\"height\":308,\"caption\":\"EPRC.ge\"},\"image\":{\"@id\":\"https:\/\/eprc.ge\/#\/schema\/logo\/image\/\"}}]}<\/script>\n<!-- \/ Yoast SEO plugin. -->","yoast_head_json":{"title":"ACTION \u2013 V\u0259t\u0259nda\u015f c\u0259miyy\u0259ti t\u0259\u015fkilatlar\u0131 \u015f\u0259b\u0259k\u0259sini f\u0259alla\u015fd\u0131rmaq \u00fc\u00e7\u00fcn &bull; EPRC.ge","robots":{"index":"index","follow":"follow","max-snippet":"max-snippet:-1","max-image-preview":"max-image-preview:large","max-video-preview":"max-video-preview:-1"},"canonical":"https:\/\/eprc.ge\/en\/news\/action-v\u0259t\u0259ndas-c\u0259miyy\u0259ti-t\u0259skilatlari-s\u0259b\u0259k\u0259sini-f\u0259allasdirmaq-ucun\/","og_locale":"en_US","og_type":"article","og_title":"ACTION \u2013 V\u0259t\u0259nda\u015f c\u0259miyy\u0259ti t\u0259\u015fkilatlar\u0131 \u015f\u0259b\u0259k\u0259sini f\u0259alla\u015fd\u0131rmaq \u00fc\u00e7\u00fcn &bull; EPRC.ge","og_description":"\u0130qtisadi Siyas\u0259t Ara\u015fd\u0131rmalar\u0131 M\u0259rk\u0259zi\u00a0(EPRC)\u00a0Az\u0259rbaycandan v\u0259 G\u00fcrc\u00fcstandan olan v\u0259t\u0259nda\u015f c\u0259miyy\u0259ti v\u0259 QHT seqtoru n\u00fcmay\u0259nd\u0259l\u0259rini, \u201cACTION \u2013\u00a0V\u0259t\u0259nda\u015f c\u0259miyy\u0259ti t\u0259\u015fkilatlar\u0131 \u015f\u0259b\u0259k\u0259sini f\u0259alla\u015fd\u0131rmaq \u00fc\u00e7\u00fcn\u201d\u00a0layih\u0259sind\u0259 i\u015ftirak etm\u0259y\u0259 d\u0259v\u0259t edir. Layih\u0259ni \u201c\u0130sve\u00e7r\u0259 \u0130nki\u015faf v\u0259 \u018fm\u0259kda\u015fl\u0131q Agentliyi\u201d d\u0259st\u0259kl\u0259yir. \u201eACTION\u201d layih\u0259sinin m\u0259qs\u0259di G\u00fcrc\u00fcstandan v\u0259 Az\u0259rbaycandan olan QHT n\u00fcmay\u0259nd\u0259l\u0259ri, ictimai f\u0259allar v\u0259 ara\u015fd\u0131rma t\u0259\u015fkilatlar\u0131 \u00fc\u00e7\u00fcn uzunm\u00fcdd\u0259tli \u0259m\u0259kda\u015fl\u0131q platformas\u0131 yaratmaqd\u0131r. Bu platforma G\u00fcrc\u00fcstan v\u0259 Az\u0259rbaycandan [&hellip;]","og_url":"https:\/\/eprc.ge\/en\/news\/action-v\u0259t\u0259ndas-c\u0259miyy\u0259ti-t\u0259skilatlari-s\u0259b\u0259k\u0259sini-f\u0259allasdirmaq-ucun\/","og_site_name":"EPRC.ge","article_modified_time":"2021-12-30T08:46:39+00:00","og_image":[{"width":2560,"height":951,"url":"https:\/\/eprc.ge\/wp-content\/uploads\/2021\/12\/action-20-1-copy-scaled.jpg","type":"image\/jpeg"}],"twitter_card":"summary_large_image","twitter_misc":{"Est. reading time":"4 minutes"},"schema":{"@context":"https:\/\/schema.org","@graph":[{"@type":"WebPage","@id":"https:\/\/eprc.ge\/en\/news\/action-v%c9%99t%c9%99ndas-c%c9%99miyy%c9%99ti-t%c9%99skilatlari-s%c9%99b%c9%99k%c9%99sini-f%c9%99allasdirmaq-ucun\/","url":"https:\/\/eprc.ge\/en\/news\/action-v%c9%99t%c9%99ndas-c%c9%99miyy%c9%99ti-t%c9%99skilatlari-s%c9%99b%c9%99k%c9%99sini-f%c9%99allasdirmaq-ucun\/","name":"ACTION \u2013 V\u0259t\u0259nda\u015f c\u0259miyy\u0259ti t\u0259\u015fkilatlar\u0131 \u015f\u0259b\u0259k\u0259sini f\u0259alla\u015fd\u0131rmaq \u00fc\u00e7\u00fcn &bull; EPRC.ge","isPartOf":{"@id":"https:\/\/eprc.ge\/#website"},"datePublished":"2021-12-09T08:46:12+00:00","dateModified":"2021-12-30T08:46:39+00:00","breadcrumb":{"@id":"https:\/\/eprc.ge\/en\/news\/action-v%c9%99t%c9%99ndas-c%c9%99miyy%c9%99ti-t%c9%99skilatlari-s%c9%99b%c9%99k%c9%99sini-f%c9%99allasdirmaq-ucun\/#breadcrumb"},"inLanguage":"en-US","potentialAction":[{"@type":"ReadAction","target":["https:\/\/eprc.ge\/en\/news\/action-v%c9%99t%c9%99ndas-c%c9%99miyy%c9%99ti-t%c9%99skilatlari-s%c9%99b%c9%99k%c9%99sini-f%c9%99allasdirmaq-ucun\/"]}]},{"@type":"BreadcrumbList","@id":"https:\/\/eprc.ge\/en\/news\/action-v%c9%99t%c9%99ndas-c%c9%99miyy%c9%99ti-t%c9%99skilatlari-s%c9%99b%c9%99k%c9%99sini-f%c9%99allasdirmaq-ucun\/#breadcrumb","itemListElement":[{"@type":"ListItem","position":1,"name":"Home","item":"https:\/\/eprc.ge\/en\/"},{"@type":"ListItem","position":2,"name":"ACTION \u2013 V\u0259t\u0259nda\u015f c\u0259miyy\u0259ti t\u0259\u015fkilatlar\u0131 \u015f\u0259b\u0259k\u0259sini f\u0259alla\u015fd\u0131rmaq \u00fc\u00e7\u00fcn"}]},{"@type":"WebSite","@id":"https:\/\/eprc.ge\/#website","url":"https:\/\/eprc.ge\/","name":"EPRC.ge","description":"Economic Policy Research Center","publisher":{"@id":"https:\/\/eprc.ge\/#organization"},"potentialAction":[{"@type":"SearchAction","target":{"@type":"EntryPoint","urlTemplate":"https:\/\/eprc.ge\/?s={search_term_string}"},"query-input":"required name=search_term_string"}],"inLanguage":"en-US"},{"@type":"Organization","@id":"https:\/\/eprc.ge\/#organization","name":"EPRC.ge","url":"https:\/\/eprc.ge\/","logo":{"@type":"ImageObject","inLanguage":"en-US","@id":"https:\/\/eprc.ge\/#\/schema\/logo\/image\/","url":"https:\/\/eprc.ge\/wp-content\/uploads\/2022\/08\/cropped-logo-eprc.png","contentUrl":"https:\/\/eprc.ge\/wp-content\/uploads\/2022\/08\/cropped-logo-eprc.png","width":745,"height":308,"caption":"EPRC.ge"},"image":{"@id":"https:\/\/eprc.ge\/#\/schema\/logo\/image\/"}}]}},"_links":{"self":[{"href":"https:\/\/eprc.ge\/en\/wp-json\/wp\/v2\/news_p_type\/7036","targetHints":{"allow":["GET"]}}],"collection":[{"href":"https:\/\/eprc.ge\/en\/wp-json\/wp\/v2\/news_p_type"}],"about":[{"href":"https:\/\/eprc.ge\/en\/wp-json\/wp\/v2\/types\/news_p_type"}],"wp:featuredmedia":[{"embeddable":true,"href":"https:\/\/eprc.ge\/en\/wp-json\/wp\/v2\/media\/7030"}],"wp:attachment":[{"href":"https:\/\/eprc.ge\/en\/wp-json\/wp\/v2\/media?parent=7036"}],"wp:term":[{"taxonomy":"websites","embeddable":true,"href":"https:\/\/eprc.ge\/en\/wp-json\/wp\/v2\/websites?post=7036"},{"taxonomy":"news_categories","embeddable":true,"href":"https:\/\/eprc.ge\/en\/wp-json\/wp\/v2\/news_categories?post=7036"}],"curies":[{"name":"wp","href":"https:\/\/api.w.org\/{rel}","templated":true}]}}